{"id":33,"date":"2017-12-11T16:06:14","date_gmt":"2017-12-11T15:06:14","guid":{"rendered":"http:\/\/rolandvarga.hu\/teszt\/?p=33"},"modified":"2018-01-11T09:30:13","modified_gmt":"2018-01-11T08:30:13","slug":"lakossagi-forum","status":"publish","type":"post","link":"http:\/\/mezoszemere.hu\/web\/lakossagi-forum\/","title":{"rendered":"Lakoss\u00e1gi f\u00f3rum"},"content":{"rendered":"<p>Tisztelt Lakoss\u00e1g!<\/p>\n<p style=\"text-align: justify;\">2017. december 13-\u00e1n, cs\u00fct\u00f6rt\u00f6k\u00f6n 16.00 \u00f3rai kezdettel lakoss\u00e1gi f\u00f3rumot tartunk a Mez\u0151szemerei <span style=\"color: #ff0000; font-size: 20px;\">Faluh\u00e1z nagyteremben. (Mez\u0151szemere, Szabads\u00e1g \u00fat 109.)<\/span><!--more--><\/p>\n<p>A rendezv\u00e9ny t\u00e9m\u00e1ja: Telep\u00fcl\u00e9sk\u00e9pi Arculati K\u00e9zik\u00f6nyv \u00e9s Telep\u00fcl\u00e9sk\u00e9pi Rendelet Tervezet<\/p>\n<p style=\"text-align: justify;\">A telep\u00fcl\u00e9sk\u00e9pi arculati k\u00e9zik\u00f6nyv Mez\u0151szemere teljes k\u00f6zigazgat\u00e1si ter\u00fclet\u00e9re k\u00e9sz\u00fcl. A k\u00e9zik\u00f6nyv c\u00e9lja a telep\u00fcl\u00e9s fejl\u0151d\u00e9s\u00e9nek, \u00f6r\u00f6ks\u00e9g\u00e9nek telep\u00fcl\u00e9sk\u00e9pi \u00e9s v\u00e1rosszerkezeti szempontb\u00f3l t\u00f6rt\u00e9n\u0151 bemutat\u00e1sa, valamint az elt\u00e9r\u0151 karakter\u0171 telep\u00fcl\u00e9sr\u00e9szek lehat\u00e1rol\u00e1sa \u00e9s jellemez\u00e9se. A Telep\u00fcl\u00e9sk\u00e9pi rendelet tervezet a k\u00e9zik\u00f6nyv meg\u00e1llap\u00edt\u00e1saira alapozva, a telep\u00fcl\u00e9sk\u00e9p alak\u00edt\u00e1s\u00e1val \u00f6sszef\u00fcgg\u0151 el\u0151\u00edr\u00e1sokat, illetve a t\u00e9m\u00e1hoz kapcsol\u00f3d\u00f3 kor\u00e1bbi \u00f6nkorm\u00e1nyzati rendeleteket tartalmazza. A helyi \u00e9rt\u00e9kv\u00e9delemr\u0151l, a telep\u00fcl\u00e9sk\u00e9pi v\u00e9lem\u00e9nyez\u00e9sr\u0151l, bejelent\u00e9sr\u0151l, k\u00f6telez\u00e9sr\u0151l, valamint a rekl\u00e1mok elhelyezthet\u0151s\u00e9g\u00e9r\u0151l sz\u00f3l\u00f3 rendeletek az \u00faj jogszab\u00e1lyi el\u0151\u00edr\u00e1soknak megfelel\u0151en \u00e9p\u00fcltek be a sz\u00f6vegbe.<\/p>\n<p style=\"text-align: justify;\">K\u00e9rj\u00fck, tisztelje meg a f\u00f3rumot jelenl\u00e9t\u00e9vel, mondja el vagy \u00edrja meg v\u00e9lem\u00e9ny\u00e9t, javaslatait!<\/p>\n<p>Mez\u0151szemere, 2017. december 5.<\/p>\n<p style=\"text-align: right;\">Bukta M\u00e1ria<br \/>\npolg\u00e1rmester<\/p>\n","protected":false},"excerpt":{"rendered":"<p>Tisztelt Lakoss\u00e1g! 2017. december 13-\u00e1n, cs\u00fct\u00f6rt\u00f6k\u00f6n 16.00 \u00f3rai kezdettel lakoss\u00e1gi f\u00f3rumot tartunk a Mez\u0151szemerei Faluh\u00e1z nagyteremben. (Mez\u0151szemere, Szabads\u00e1g \u00fat 109.)<\/p>\n","protected":false},"author":2,"featured_media":88,"comment_status":"open","ping_status":"open","sticky":false,"template":"","format":"standard","meta":{"ngg_post_thumbnail":0,"footnotes":""},"categories":[2],"tags":[],"class_list":["post-33","post","type-post","status-publish","format-standard","has-post-thumbnail","hentry","category-hirek"],"_links":{"self":[{"href":"http:\/\/mezoszemere.hu\/web\/wp-json\/wp\/v2\/posts\/33","targetHints":{"allow":["GET"]}}],"collection":[{"href":"http:\/\/mezoszemere.hu\/web\/wp-json\/wp\/v2\/posts"}],"about":[{"href":"http:\/\/mezoszemere.hu\/web\/wp-json\/wp\/v2\/types\/post"}],"author":[{"embeddable":true,"href":"http:\/\/mezoszemere.hu\/web\/wp-json\/wp\/v2\/users\/2"}],"replies":[{"embeddable":true,"href":"http:\/\/mezoszemere.hu\/web\/wp-json\/wp\/v2\/comments?post=33"}],"version-history":[{"count":1,"href":"http:\/\/mezoszemere.hu\/web\/wp-json\/wp\/v2\/posts\/33\/revisions"}],"predecessor-version":[{"id":89,"href":"http:\/\/mezoszemere.hu\/web\/wp-json\/wp\/v2\/posts\/33\/revisions\/89"}],"wp:featuredmedia":[{"embeddable":true,"href":"http:\/\/mezoszemere.hu\/web\/wp-json\/wp\/v2\/media\/88"}],"wp:attachment":[{"href":"http:\/\/mezoszemere.hu\/web\/wp-json\/wp\/v2\/media?parent=33"}],"wp:term":[{"taxonomy":"category","embeddable":true,"href":"http:\/\/mezoszemere.hu\/web\/wp-json\/wp\/v2\/categories?post=33"},{"taxonomy":"post_tag","embeddable":true,"href":"http:\/\/mezoszemere.hu\/web\/wp-json\/wp\/v2\/tags?post=33"}],"curies":[{"name":"wp","href":"https:\/\/api.w.org\/{rel}","templated":true}]}}