{"id":475,"date":"2018-03-29T14:23:25","date_gmt":"2018-03-29T13:23:25","guid":{"rendered":"http:\/\/mezoszemere.hu\/web\/?p=475"},"modified":"2018-04-10T15:30:27","modified_gmt":"2018-04-10T14:30:27","slug":"tojasfestes-a-faluhazban","status":"publish","type":"post","link":"http:\/\/mezoszemere.hu\/web\/tojasfestes-a-faluhazban\/","title":{"rendered":"Toj\u00e1sfest\u00e9s a Faluh\u00e1zban"},"content":{"rendered":"<p style=\"text-align: justify;\">A nagyh\u00e9ten n\u00e9h\u00e1ny \u00f3r\u00e1ra kreat\u00edv m\u0171helly\u00e9 alakult Mez\u0151szemere faluh\u00e1za, ahov\u00e1 a szervez\u0151k h\u00fasv\u00e9ti toj\u00e1sfest\u00e9sre v\u00e1rt\u00e1k az alkotni v\u00e1gy\u00f3 gyermekeket. A lelkes kis csapat k\u00f6zel hetven toj\u00e1st d\u00edsz\u00edtett ki akrilfest\u00e9k \u00e9s ecset seg\u00edts\u00e9g\u00e9vel. Az elk\u00e9sz\u00fclt sz\u00ednpomp\u00e1s \u00e9s \u00f6tletes toj\u00e1sokkal azt\u00e1n kicsik \u00e9s nagyok k\u00f6z\u00f6sen d\u00edsz\u00edtett\u00e9k fel a falu h\u00fasv\u00e9ti toj\u00e1sf\u00e1j\u00e1t.<\/p>\n<p><a href=\"http:\/\/mezoszemere.hu\/web\/tojasfestes-a-faluhazban\/img_0352\/\" rel=\"attachment wp-att-496\"><img loading=\"lazy\" decoding=\"async\" class=\"aligncenter size-medium wp-image-496\" src=\"http:\/\/mezoszemere.hu\/web\/wp-content\/uploads\/2018\/04\/IMG_0352-533x400.jpg\" alt=\"\" width=\"533\" height=\"400\" srcset=\"http:\/\/mezoszemere.hu\/web\/wp-content\/uploads\/2018\/04\/IMG_0352-533x400.jpg 533w, http:\/\/mezoszemere.hu\/web\/wp-content\/uploads\/2018\/04\/IMG_0352-768x577.jpg 768w, http:\/\/mezoszemere.hu\/web\/wp-content\/uploads\/2018\/04\/IMG_0352.jpg 1023w\" sizes=\"auto, (max-width: 533px) 100vw, 533px\" \/><\/a><\/p>\n<p style=\"text-align: justify;\">A toj\u00e1sfa dekor\u00e1l\u00e1s\u00e1nak hagyom\u00e1nya N\u00e9metorsz\u00e1gb\u00f3l sz\u00e1rmazik. K\u00e9s\u0151bb a n\u00e9met bev\u00e1ndorl\u00f3kt\u00f3l Amerika vette \u00e1t a szok\u00e1st, napjainkban azonban sz\u00e1mos orsz\u00e1gban \u2013 \u00edgy haz\u00e1nkban is &#8211; elterjedt\u00e9 v\u00e1lt, hogy festett toj\u00e1sokat aggatnak a v\u00e1z\u00e1ban l\u00e9v\u0151 barka\u00e1gra, valamint a kertben l\u00e9v\u0151 f\u00e1ra.<\/p>\n\n<div class=\"ngg-galleryoverview\" id=\"ngg-gallery-a21086e98264155e053ec3fb53f7cb14-475\">\n\n\n\t<!-- Thumbnails -->\n    \t\t\n\t<div id=\"ngg-image-139\" class=\"ngg-gallery-thumbnail-box\" style=\"width:20%;\" >\n\t\t<div class=\"ngg-gallery-thumbnail\" >\n\t\t\t<a href=\"http:\/\/mezoszemere.hu\/web\/wp-content\/gallery\/2018-tojasfestes\/IMG_0352.jpg\"\n               title=\" \"\n               class=\"ngg-simplelightbox\" rel=\"a21086e98264155e053ec3fb53f7cb14\" data-image-id=\"139\" data-src=\"http:\/\/mezoszemere.hu\/web\/wp-content\/gallery\/2018-tojasfestes\/IMG_0352.jpg\" data-thumbnail=\"http:\/\/mezoszemere.hu\/web\/wp-content\/gallery\/2018-tojasfestes\/thumbs\/thumbs_IMG_0352.jpg\" data-title=\"IMG_0352\" data-description=\" \" >\n\t\t\t\t\t\t\t\t<img title=\"IMG_0352\" alt=\"IMG_0352\" src=\"http:\/\/mezoszemere.hu\/web\/wp-content\/gallery\/2018-tojasfestes\/thumbs\/thumbs_IMG_0352.jpg\" width='110' height='80' \/>\n\t\t\t\t\t\t\t<\/a>\n\t\t<\/div>\n\t<\/div>\n\n                        \n \t\t\n\t<div id=\"ngg-image-140\" class=\"ngg-gallery-thumbnail-box\" style=\"width:20%;\" >\n\t\t<div class=\"ngg-gallery-thumbnail\" >\n\t\t\t<a href=\"http:\/\/mezoszemere.hu\/web\/wp-content\/gallery\/2018-tojasfestes\/IMG_0356.jpg\"\n               title=\" \"\n               class=\"ngg-simplelightbox\" rel=\"a21086e98264155e053ec3fb53f7cb14\" data-image-id=\"140\" data-src=\"http:\/\/mezoszemere.hu\/web\/wp-content\/gallery\/2018-tojasfestes\/IMG_0356.jpg\" data-thumbnail=\"http:\/\/mezoszemere.hu\/web\/wp-content\/gallery\/2018-tojasfestes\/thumbs\/thumbs_IMG_0356.jpg\" data-title=\"IMG_0356\" data-description=\" \" >\n\t\t\t\t\t\t\t\t<img title=\"IMG_0356\" alt=\"IMG_0356\" src=\"http:\/\/mezoszemere.hu\/web\/wp-content\/gallery\/2018-tojasfestes\/thumbs\/thumbs_IMG_0356.jpg\" width='110' height='80' \/>\n\t\t\t\t\t\t\t<\/a>\n\t\t<\/div>\n\t<\/div>\n\n                        \n \t\t\n\t<div id=\"ngg-image-141\" class=\"ngg-gallery-thumbnail-box\" style=\"width:20%;\" >\n\t\t<div class=\"ngg-gallery-thumbnail\" >\n\t\t\t<a href=\"http:\/\/mezoszemere.hu\/web\/wp-content\/gallery\/2018-tojasfestes\/IMG_0358.jpg\"\n               title=\" \"\n               class=\"ngg-simplelightbox\" rel=\"a21086e98264155e053ec3fb53f7cb14\" data-image-id=\"141\" data-src=\"http:\/\/mezoszemere.hu\/web\/wp-content\/gallery\/2018-tojasfestes\/IMG_0358.jpg\" data-thumbnail=\"http:\/\/mezoszemere.hu\/web\/wp-content\/gallery\/2018-tojasfestes\/thumbs\/thumbs_IMG_0358.jpg\" data-title=\"IMG_0358\" data-description=\" \" >\n\t\t\t\t\t\t\t\t<img title=\"IMG_0358\" alt=\"IMG_0358\" src=\"http:\/\/mezoszemere.hu\/web\/wp-content\/gallery\/2018-tojasfestes\/thumbs\/thumbs_IMG_0358.jpg\" width='110' height='80' \/>\n\t\t\t\t\t\t\t<\/a>\n\t\t<\/div>\n\t<\/div>\n\n                        \n \t\t\n\t<div id=\"ngg-image-142\" class=\"ngg-gallery-thumbnail-box\" style=\"width:20%;\" >\n\t\t<div class=\"ngg-gallery-thumbnail\" >\n\t\t\t<a href=\"http:\/\/mezoszemere.hu\/web\/wp-content\/gallery\/2018-tojasfestes\/IMG_0365.jpg\"\n               title=\" \"\n               class=\"ngg-simplelightbox\" rel=\"a21086e98264155e053ec3fb53f7cb14\" data-image-id=\"142\" data-src=\"http:\/\/mezoszemere.hu\/web\/wp-content\/gallery\/2018-tojasfestes\/IMG_0365.jpg\" data-thumbnail=\"http:\/\/mezoszemere.hu\/web\/wp-content\/gallery\/2018-tojasfestes\/thumbs\/thumbs_IMG_0365.jpg\" data-title=\"IMG_0365\" data-description=\" \" >\n\t\t\t\t\t\t\t\t<img title=\"IMG_0365\" alt=\"IMG_0365\" src=\"http:\/\/mezoszemere.hu\/web\/wp-content\/gallery\/2018-tojasfestes\/thumbs\/thumbs_IMG_0365.jpg\" width='110' height='80' \/>\n\t\t\t\t\t\t\t<\/a>\n\t\t<\/div>\n\t<\/div>\n\n                        \n \t\t\n\t<div id=\"ngg-image-143\" class=\"ngg-gallery-thumbnail-box\" style=\"width:20%;\" >\n\t\t<div class=\"ngg-gallery-thumbnail\" >\n\t\t\t<a href=\"http:\/\/mezoszemere.hu\/web\/wp-content\/gallery\/2018-tojasfestes\/IMG_0366.jpg\"\n               title=\" \"\n               class=\"ngg-simplelightbox\" rel=\"a21086e98264155e053ec3fb53f7cb14\" data-image-id=\"143\" data-src=\"http:\/\/mezoszemere.hu\/web\/wp-content\/gallery\/2018-tojasfestes\/IMG_0366.jpg\" data-thumbnail=\"http:\/\/mezoszemere.hu\/web\/wp-content\/gallery\/2018-tojasfestes\/thumbs\/thumbs_IMG_0366.jpg\" data-title=\"IMG_0366\" data-description=\" \" >\n\t\t\t\t\t\t\t\t<img title=\"IMG_0366\" alt=\"IMG_0366\" src=\"http:\/\/mezoszemere.hu\/web\/wp-content\/gallery\/2018-tojasfestes\/thumbs\/thumbs_IMG_0366.jpg\" width='110' height='80' \/>\n\t\t\t\t\t\t\t<\/a>\n\t\t<\/div>\n\t<\/div>\n\n                            <br style=\"clear: both\" \/>\n                \n \t\t\n\t<div id=\"ngg-image-144\" class=\"ngg-gallery-thumbnail-box\" style=\"width:20%;\" >\n\t\t<div class=\"ngg-gallery-thumbnail\" >\n\t\t\t<a href=\"http:\/\/mezoszemere.hu\/web\/wp-content\/gallery\/2018-tojasfestes\/IMG_0375.jpg\"\n               title=\" \"\n               class=\"ngg-simplelightbox\" rel=\"a21086e98264155e053ec3fb53f7cb14\" data-image-id=\"144\" data-src=\"http:\/\/mezoszemere.hu\/web\/wp-content\/gallery\/2018-tojasfestes\/IMG_0375.jpg\" data-thumbnail=\"http:\/\/mezoszemere.hu\/web\/wp-content\/gallery\/2018-tojasfestes\/thumbs\/thumbs_IMG_0375.jpg\" data-title=\"IMG_0375\" data-description=\" \" >\n\t\t\t\t\t\t\t\t<img title=\"IMG_0375\" alt=\"IMG_0375\" src=\"http:\/\/mezoszemere.hu\/web\/wp-content\/gallery\/2018-tojasfestes\/thumbs\/thumbs_IMG_0375.jpg\" width='110' height='80' \/>\n\t\t\t\t\t\t\t<\/a>\n\t\t<\/div>\n\t<\/div>\n\n                        \n \t\t\n\t<div id=\"ngg-image-145\" class=\"ngg-gallery-thumbnail-box\" style=\"width:20%;\" >\n\t\t<div class=\"ngg-gallery-thumbnail\" >\n\t\t\t<a href=\"http:\/\/mezoszemere.hu\/web\/wp-content\/gallery\/2018-tojasfestes\/IMG_0377.jpg\"\n               title=\" \"\n               class=\"ngg-simplelightbox\" rel=\"a21086e98264155e053ec3fb53f7cb14\" data-image-id=\"145\" data-src=\"http:\/\/mezoszemere.hu\/web\/wp-content\/gallery\/2018-tojasfestes\/IMG_0377.jpg\" data-thumbnail=\"http:\/\/mezoszemere.hu\/web\/wp-content\/gallery\/2018-tojasfestes\/thumbs\/thumbs_IMG_0377.jpg\" data-title=\"IMG_0377\" data-description=\" \" >\n\t\t\t\t\t\t\t\t<img title=\"IMG_0377\" alt=\"IMG_0377\" src=\"http:\/\/mezoszemere.hu\/web\/wp-content\/gallery\/2018-tojasfestes\/thumbs\/thumbs_IMG_0377.jpg\" width='110' height='80' \/>\n\t\t\t\t\t\t\t<\/a>\n\t\t<\/div>\n\t<\/div>\n\n                        \n \t\t\n\t<div id=\"ngg-image-146\" class=\"ngg-gallery-thumbnail-box\" style=\"width:20%;\" >\n\t\t<div class=\"ngg-gallery-thumbnail\" >\n\t\t\t<a href=\"http:\/\/mezoszemere.hu\/web\/wp-content\/gallery\/2018-tojasfestes\/IMG_0380.jpg\"\n               title=\" \"\n               class=\"ngg-simplelightbox\" rel=\"a21086e98264155e053ec3fb53f7cb14\" data-image-id=\"146\" data-src=\"http:\/\/mezoszemere.hu\/web\/wp-content\/gallery\/2018-tojasfestes\/IMG_0380.jpg\" data-thumbnail=\"http:\/\/mezoszemere.hu\/web\/wp-content\/gallery\/2018-tojasfestes\/thumbs\/thumbs_IMG_0380.jpg\" data-title=\"IMG_0380\" data-description=\" \" >\n\t\t\t\t\t\t\t\t<img title=\"IMG_0380\" alt=\"IMG_0380\" src=\"http:\/\/mezoszemere.hu\/web\/wp-content\/gallery\/2018-tojasfestes\/thumbs\/thumbs_IMG_0380.jpg\" width='110' height='80' \/>\n\t\t\t\t\t\t\t<\/a>\n\t\t<\/div>\n\t<\/div>\n\n                        \n \t \t\n\t<!-- Pagination -->\n \t<div class='ngg-clear'><\/div> \t\n<\/div>\n\n\n","protected":false},"excerpt":{"rendered":"<p>A nagyh\u00e9ten n\u00e9h\u00e1ny \u00f3r\u00e1ra kreat\u00edv m\u0171helly\u00e9 alakult Mez\u0151szemere faluh\u00e1za, ahov\u00e1 a szervez\u0151k h\u00fasv\u00e9ti toj\u00e1sfest\u00e9sre v\u00e1rt\u00e1k az alkotni v\u00e1gy\u00f3 gyermekeket. A lelkes kis csapat k\u00f6zel hetven toj\u00e1st d\u00edsz\u00edtett ki akrilfest\u00e9k \u00e9s &hellip; <\/p>\n","protected":false},"author":2,"featured_media":495,"comment_status":"closed","ping_status":"closed","sticky":false,"template":"","format":"standard","meta":{"ngg_post_thumbnail":0,"footnotes":""},"categories":[2,11],"tags":[18,16,8,17],"class_list":["post-475","post","type-post","status-publish","format-standard","has-post-thumbnail","hentry","category-hirek","category-rendezvenyek","tag-dekoracio","tag-husvet","tag-mezoszemere","tag-tojasfa"],"_links":{"self":[{"href":"http:\/\/mezoszemere.hu\/web\/wp-json\/wp\/v2\/posts\/475","targetHints":{"allow":["GET"]}}],"collection":[{"href":"http:\/\/mezoszemere.hu\/web\/wp-json\/wp\/v2\/posts"}],"about":[{"href":"http:\/\/mezoszemere.hu\/web\/wp-json\/wp\/v2\/types\/post"}],"author":[{"embeddable":true,"href":"http:\/\/mezoszemere.hu\/web\/wp-json\/wp\/v2\/users\/2"}],"replies":[{"embeddable":true,"href":"http:\/\/mezoszemere.hu\/web\/wp-json\/wp\/v2\/comments?post=475"}],"version-history":[{"count":4,"href":"http:\/\/mezoszemere.hu\/web\/wp-json\/wp\/v2\/posts\/475\/revisions"}],"predecessor-version":[{"id":499,"href":"http:\/\/mezoszemere.hu\/web\/wp-json\/wp\/v2\/posts\/475\/revisions\/499"}],"wp:featuredmedia":[{"embeddable":true,"href":"http:\/\/mezoszemere.hu\/web\/wp-json\/wp\/v2\/media\/495"}],"wp:attachment":[{"href":"http:\/\/mezoszemere.hu\/web\/wp-json\/wp\/v2\/media?parent=475"}],"wp:term":[{"taxonomy":"category","embeddable":true,"href":"http:\/\/mezoszemere.hu\/web\/wp-json\/wp\/v2\/categories?post=475"},{"taxonomy":"post_tag","embeddable":true,"href":"http:\/\/mezoszemere.hu\/web\/wp-json\/wp\/v2\/tags?post=475"}],"curies":[{"name":"wp","href":"https:\/\/api.w.org\/{rel}","templated":true}]}}