{"id":631,"date":"2018-11-05T12:28:36","date_gmt":"2018-11-05T11:28:36","guid":{"rendered":"http:\/\/mezoszemere.hu\/web\/?p=631"},"modified":"2019-08-05T13:16:54","modified_gmt":"2019-08-05T12:16:54","slug":"emlekezes-az-1956-os-hosokre","status":"publish","type":"post","link":"http:\/\/mezoszemere.hu\/web\/emlekezes-az-1956-os-hosokre\/","title":{"rendered":"Eml\u00e9kez\u00e9s az 1956-os h\u0151s\u00f6kre"},"content":{"rendered":"<p>Okt\u00f3ber 23-a d\u00e9lut\u00e1nj\u00e1n \u00fcnnepi menettel indult a magyar forradalom \u00e9s szabads\u00e1gharc tisztelet\u00e9re rendezett megeml\u00e9kez\u00e9s<!--more--> Mez\u0151szemer\u00e9n, melyet a k\u00f6zs\u00e9g \u00f6nkorm\u00e1nyzata \u00e9s a Mez\u0151szemerei Civil Egyes\u00fclet szervezett. Az egybegy\u0171ltek a Faluh\u00e1zt\u00f3l az 1956-os eml\u00e9kpark eml\u00e9km\u0171v\u00e9hez \u00e9rkezve meghallgathatt\u00e1k a megeml\u00e9kez\u00e9s megh\u00edvott vend\u00e9g\u00e9nek, Bencsik G\u00e1bor t\u00f6rt\u00e9n\u00e9sznek \u00fcnnepi besz\u00e9d\u00e9t, melyet a Mez\u0151k\u00f6vesdi Szent L\u00e1szl\u00f3 K\u00f3rus el\u0151ad\u00e1sa \u00e9s Koll\u00e1r Lajos megeml\u00e9kez\u00e9se k\u00f6vetett. A koszor\u00faz\u00e1s alkalm\u00e1val a k\u00f6zs\u00e9g \u00f6nkorm\u00e1nyzata, egyes\u00fcletei \u00e9s int\u00e9zm\u00e9nyei, valamint a fidesz helyi szervezete fejezte ki tisztelet\u00e9t egy-egy koszor\u00faval, elhelyezve azt Mez\u0151szemere b\u00fcszkes\u00e9gpontj\u00e1n\u00e1l, az 1956-os eml\u00e9km\u0171n\u00e9l.<\/p>\n<p>&nbsp;<\/p>\n<p>Az eml\u00e9kez\u00e9sr\u0151l k\u00e9pek az al\u00e1bbi linken tekinthet\u0151ek meg: <strong><span style=\"color: #ff0000;\"><a style=\"color: #ff0000;\" href=\"https:\/\/goo.gl\/zHZDpM\">K\u00c9PEK<\/a><\/span><\/strong><\/p>\n","protected":false},"excerpt":{"rendered":"<p>Okt\u00f3ber 23-a d\u00e9lut\u00e1nj\u00e1n \u00fcnnepi menettel indult a magyar forradalom \u00e9s szabads\u00e1gharc tisztelet\u00e9re rendezett megeml\u00e9kez\u00e9s<\/p>\n","protected":false},"author":2,"featured_media":632,"comment_status":"closed","ping_status":"closed","sticky":false,"template":"","format":"standard","meta":{"ngg_post_thumbnail":0,"footnotes":""},"categories":[2,11],"tags":[],"class_list":["post-631","post","type-post","status-publish","format-standard","has-post-thumbnail","hentry","category-hirek","category-rendezvenyek"],"_links":{"self":[{"href":"http:\/\/mezoszemere.hu\/web\/wp-json\/wp\/v2\/posts\/631","targetHints":{"allow":["GET"]}}],"collection":[{"href":"http:\/\/mezoszemere.hu\/web\/wp-json\/wp\/v2\/posts"}],"about":[{"href":"http:\/\/mezoszemere.hu\/web\/wp-json\/wp\/v2\/types\/post"}],"author":[{"embeddable":true,"href":"http:\/\/mezoszemere.hu\/web\/wp-json\/wp\/v2\/users\/2"}],"replies":[{"embeddable":true,"href":"http:\/\/mezoszemere.hu\/web\/wp-json\/wp\/v2\/comments?post=631"}],"version-history":[{"count":2,"href":"http:\/\/mezoszemere.hu\/web\/wp-json\/wp\/v2\/posts\/631\/revisions"}],"predecessor-version":[{"id":820,"href":"http:\/\/mezoszemere.hu\/web\/wp-json\/wp\/v2\/posts\/631\/revisions\/820"}],"wp:featuredmedia":[{"embeddable":true,"href":"http:\/\/mezoszemere.hu\/web\/wp-json\/wp\/v2\/media\/632"}],"wp:attachment":[{"href":"http:\/\/mezoszemere.hu\/web\/wp-json\/wp\/v2\/media?parent=631"}],"wp:term":[{"taxonomy":"category","embeddable":true,"href":"http:\/\/mezoszemere.hu\/web\/wp-json\/wp\/v2\/categories?post=631"},{"taxonomy":"post_tag","embeddable":true,"href":"http:\/\/mezoszemere.hu\/web\/wp-json\/wp\/v2\/tags?post=631"}],"curies":[{"name":"wp","href":"https:\/\/api.w.org\/{rel}","templated":true}]}}