{"id":657,"date":"2018-12-14T12:30:11","date_gmt":"2018-12-14T11:30:11","guid":{"rendered":"http:\/\/mezoszemere.hu\/web\/?p=657"},"modified":"2019-06-19T12:10:29","modified_gmt":"2019-06-19T11:10:29","slug":"ovi-fejlesztes","status":"publish","type":"post","link":"http:\/\/mezoszemere.hu\/web\/ovi-fejlesztes\/","title":{"rendered":"A Mez\u0151szemerei \u00d3voda infrastruktur\u00e1lis fejleszt\u00e9se"},"content":{"rendered":"<p><img loading=\"lazy\" decoding=\"async\" class=\"alignright wp-image-661\" src=\"http:\/\/mezoszemere.hu\/web\/wp-content\/uploads\/2018\/12\/infoblokk_kedv_final_felso_cmyk_ERFA-579x400.jpg\" alt=\"\" width=\"270\" height=\"186\" srcset=\"http:\/\/mezoszemere.hu\/web\/wp-content\/uploads\/2018\/12\/infoblokk_kedv_final_felso_cmyk_ERFA-579x400.jpg 579w, http:\/\/mezoszemere.hu\/web\/wp-content\/uploads\/2018\/12\/infoblokk_kedv_final_felso_cmyk_ERFA-768x531.jpg 768w, http:\/\/mezoszemere.hu\/web\/wp-content\/uploads\/2018\/12\/infoblokk_kedv_final_felso_cmyk_ERFA-1024x708.jpg 1024w, http:\/\/mezoszemere.hu\/web\/wp-content\/uploads\/2018\/12\/infoblokk_kedv_final_felso_cmyk_ERFA-135x93.jpg 135w, http:\/\/mezoszemere.hu\/web\/wp-content\/uploads\/2018\/12\/infoblokk_kedv_final_felso_cmyk_ERFA.jpg 1453w\" sizes=\"auto, (max-width: 270px) 100vw, 270px\" \/><br \/>\nA kedvezm\u00e9nyezett neve: Mez\u0151szemere K\u00f6zs\u00e9g \u00d6nkorm\u00e1nyzata<br \/>\nA projekt c\u00edme: A Mez\u0151szemerei \u00d3voda infrastruktur\u00e1lis fejleszt\u00e9se<br \/>\nA szerz\u0151d\u00f6tt t\u00e1mogat\u00e1s \u00f6sszege: 31,686,584 Ft<br \/>\nA t\u00e1mogat\u00e1s m\u00e9rt\u00e9ke: 100%<br \/>\nA projekt tartalm\u00e1nak bemutat\u00e1sa:<\/p>\n<ul>\n<li>A projekt c\u00e9lja a Mez\u0151szemerei \u00d3voda infrastruktur\u00e1lis fejleszt\u00e9se, az \u00e9p\u00fclet fel\u00faj\u00edt\u00e1sa, akad\u00e1lymentes\u00edt\u00e9se, melynek keret\u00e9ben a nett\u00f3 225,57 m2 alapter\u00fclet\u0171 \u00e9p\u00fclet ker\u00fcl fejleszt\u00e9sre.<\/li>\n<li>A 3378 Mez\u0151szemere, Somogyi B. \u00fat 2. 417. hrsz. \u00e9p\u00fclet a fejleszt\u00e9s sor\u00e1n meg\u00faj\u00edt\u00e1sra \u00e9s \u00e1talak\u00edt\u00e1sra ker\u00fcl, melynek sor\u00e1n az al\u00e1bbi munk\u00e1k val\u00f3sulnak meg:<\/li>\n<li>A foglalkoztat\u00f3k, az \u00f6lt\u00f6z\u0151k, az el\u0151terek, t\u00e1lal\u00f3 konyha \u00e9s a mosd\u00f3k burkol\u00e1sra, fest\u00e9sre ker\u00fclnek, a tet\u0151szerkezet teljes eg\u00e9sz\u00e9ben lebont\u00e1sra \u00e9s cser\u00e9l\u00e9sre ker\u00fcl.<\/li>\n<li>A tervezett tet\u0151 faanyag\u00fa kontyolt nyeregtet\u0151, tet\u0151 h\u00e9jazata ker\u00e1mia tet\u0151cser\u00e9p.<\/li>\n<li>A belt\u00e9ri ny\u00edl\u00e1sz\u00e1r\u00f3kat fa belt\u00e9ri ny\u00edl\u00e1sz\u00e1r\u00f3kra cser\u00e9lj\u00fck, illetve a jelenlegi k\u00fclt\u00e9ri ny\u00edl\u00e1sz\u00e1r\u00f3k hely\u00e9re m\u0171anyag k\u00fclt\u00e9ri, h\u0151szigetelt, 5 kamr\u00e1s (uw&lt;1,4 W\/m2K ny\u00edl\u00e1sz\u00e1r\u00f3k ker\u00fclnek.<\/li>\n<li>A homlokzat \u00e9s a f\u00f6d\u00e9m h\u0151szigetel\u00e9s\u00e9re ker\u00fcl. A szoci\u00e1lis blokkban elhelyez\u00e9sre ker\u00fcl 1 db akad\u00e1lymentes WC.<\/li>\n<\/ul>\n<p>A projekt t\u00e9nyleges befejez\u00e9si d\u00e1tuma: 2019. Janu\u00e1r 31.<br \/>\nA projekt azonos\u00edt\u00f3 sz\u00e1ma: TOP-1.4.1-15-HE1-2016-00004<\/p>\n<a href=\"http:\/\/mezoszemere.hu\/web\/wp-content\/uploads\/2018\/12\/SZ2020_arculati_kezikonyv_2018.03.01-tol_hatalyos.pdf-1.pdf\" class=\"pdfemb-viewer\" style=\"\" data-width=\"max\" data-height=\"max\" data-toolbar=\"bottom\" data-toolbar-fixed=\"off\">SZ2020_arculati_kezikonyv_2018.03.01-tol_hatalyos.pdf-1<\/a>\n","protected":false},"excerpt":{"rendered":"<p>A kedvezm\u00e9nyezett neve: Mez\u0151szemere K\u00f6zs\u00e9g \u00d6nkorm\u00e1nyzata A projekt c\u00edme: A Mez\u0151szemerei \u00d3voda infrastruktur\u00e1lis fejleszt\u00e9se A szerz\u0151d\u00f6tt t\u00e1mogat\u00e1s \u00f6sszege: 31,686,584 Ft A t\u00e1mogat\u00e1s m\u00e9rt\u00e9ke: 100% A projekt tartalm\u00e1nak bemutat\u00e1sa: A projekt &hellip; <\/p>\n","protected":false},"author":2,"featured_media":658,"comment_status":"closed","ping_status":"closed","sticky":false,"template":"","format":"standard","meta":{"ngg_post_thumbnail":0,"footnotes":""},"categories":[2,3],"tags":[54,37,47,8,7,53,55],"class_list":["post-657","post","type-post","status-publish","format-standard","has-post-thumbnail","hentry","category-hirek","category-palyazatok","tag-54","tag-hirdetmeny","tag-jegyzokonyv","tag-mezoszemere","tag-palyazat","tag-szechenyi","tag-tamop"],"_links":{"self":[{"href":"http:\/\/mezoszemere.hu\/web\/wp-json\/wp\/v2\/posts\/657","targetHints":{"allow":["GET"]}}],"collection":[{"href":"http:\/\/mezoszemere.hu\/web\/wp-json\/wp\/v2\/posts"}],"about":[{"href":"http:\/\/mezoszemere.hu\/web\/wp-json\/wp\/v2\/types\/post"}],"author":[{"embeddable":true,"href":"http:\/\/mezoszemere.hu\/web\/wp-json\/wp\/v2\/users\/2"}],"replies":[{"embeddable":true,"href":"http:\/\/mezoszemere.hu\/web\/wp-json\/wp\/v2\/comments?post=657"}],"version-history":[{"count":6,"href":"http:\/\/mezoszemere.hu\/web\/wp-json\/wp\/v2\/posts\/657\/revisions"}],"predecessor-version":[{"id":763,"href":"http:\/\/mezoszemere.hu\/web\/wp-json\/wp\/v2\/posts\/657\/revisions\/763"}],"wp:featuredmedia":[{"embeddable":true,"href":"http:\/\/mezoszemere.hu\/web\/wp-json\/wp\/v2\/media\/658"}],"wp:attachment":[{"href":"http:\/\/mezoszemere.hu\/web\/wp-json\/wp\/v2\/media?parent=657"}],"wp:term":[{"taxonomy":"category","embeddable":true,"href":"http:\/\/mezoszemere.hu\/web\/wp-json\/wp\/v2\/categories?post=657"},{"taxonomy":"post_tag","embeddable":true,"href":"http:\/\/mezoszemere.hu\/web\/wp-json\/wp\/v2\/tags?post=657"}],"curies":[{"name":"wp","href":"https:\/\/api.w.org\/{rel}","templated":true}]}}