{"id":711,"date":"2019-03-19T09:07:48","date_gmt":"2019-03-19T08:07:48","guid":{"rendered":"http:\/\/mezoszemere.hu\/web\/?p=711"},"modified":"2019-08-05T13:01:18","modified_gmt":"2019-08-05T12:01:18","slug":"marcius15-megemlekezes","status":"publish","type":"post","link":"http:\/\/mezoszemere.hu\/web\/marcius15-megemlekezes\/","title":{"rendered":"M\u00e1rcius 15-ei felvonul\u00e1s \u00e9s megeml\u00e9kez\u00e9s"},"content":{"rendered":"<p style=\"font-weight: 400; text-align: justify;\">Lovas husz\u00e1r felvezet\u00e9ssel indult Mez\u0151szemer\u00e9n az \u00fcnnepi felvonul\u00e1s.<!--more-->&nbsp;Az \u00fcnnepi megeml\u00e9kez\u00e9s a 48-as Eml\u00e9km\u0171n\u00e9l ker\u00fclt megrendez\u00e9sre, mely \u00fcnnep\u00e9lyes z\u00e1szl\u00f3 felvon\u00e1ssal kezd\u0151d\u00f6tt. A K\u00e9knefelejcs Hagyom\u00e1ny\u0151rz\u0151 N\u00e9pdalk\u00f6r \u00e9neke ut\u00e1n Bukta M\u00e1ria polg\u00e1rmester k\u00f6sz\u00f6nt\u0151 szavait a Mez\u0151szemerei \u00c1ltal\u00e1nos Iskola di\u00e1kjainak m\u0171sora k\u00f6vette.&nbsp;Kormos Melinda szavalata ut\u00e1n pedig Bart\u00f3k Istv\u00e1n k\u00e9pvisel\u0151 tartotta meg \u00fcnnepi besz\u00e9d\u00e9t, mely sor\u00e1n megeml\u00e9kezett az 1948-49-es magyar forradalom \u00e9s szabads\u00e1gharc esem\u00e9nyeir\u0151l, h\u0151seir\u0151l. A rendezv\u00e9ny v\u00e9g\u00e9n az \u00f6nkorm\u00e1nyzatok, int\u00e9zm\u00e9nyek, civil szervezetek \u00e9s p\u00e1rtok k\u00e9pvisel\u0151i az eml\u00e9km\u0171n\u00e9l elhelyezt\u00e9k a megeml\u00e9kez\u00e9s koszor\u00fait.&nbsp;<strong><br \/>\n<\/strong><\/p>\n<p><span style=\"color: #ff0000;\"><strong><a style=\"color: #ff0000;\" href=\"https:\/\/photos.google.com\/u\/0\/share\/AF1QipP0PnMeG-v_zOBGw4olKUtQ3924lMDbSwVH5kwfTpfWkvFwn3mzb5wdrNBVRxmaIg?key=OUNVaWMxVkF6ZFhMakRXMVFFR2dpRzBRY2xfMGpR\">Tov\u00e1bbi k\u00e9peink.<\/a><\/strong><\/span><\/p>\n","protected":false},"excerpt":{"rendered":"<p>Lovas husz\u00e1r felvezet\u00e9ssel indult Mez\u0151szemer\u00e9n az \u00fcnnepi felvonul\u00e1s.<\/p>\n","protected":false},"author":2,"featured_media":712,"comment_status":"closed","ping_status":"closed","sticky":false,"template":"","format":"standard","meta":{"ngg_post_thumbnail":0,"footnotes":""},"categories":[2,11],"tags":[78,77,76,79,8,75],"class_list":["post-711","post","type-post","status-publish","format-standard","has-post-thumbnail","hentry","category-hirek","category-rendezvenyek","tag-felvonulas","tag-lovas","tag-marcius-15","tag-megemlekezes","tag-mezoszemere","tag-szemere"],"_links":{"self":[{"href":"http:\/\/mezoszemere.hu\/web\/wp-json\/wp\/v2\/posts\/711","targetHints":{"allow":["GET"]}}],"collection":[{"href":"http:\/\/mezoszemere.hu\/web\/wp-json\/wp\/v2\/posts"}],"about":[{"href":"http:\/\/mezoszemere.hu\/web\/wp-json\/wp\/v2\/types\/post"}],"author":[{"embeddable":true,"href":"http:\/\/mezoszemere.hu\/web\/wp-json\/wp\/v2\/users\/2"}],"replies":[{"embeddable":true,"href":"http:\/\/mezoszemere.hu\/web\/wp-json\/wp\/v2\/comments?post=711"}],"version-history":[{"count":2,"href":"http:\/\/mezoszemere.hu\/web\/wp-json\/wp\/v2\/posts\/711\/revisions"}],"predecessor-version":[{"id":818,"href":"http:\/\/mezoszemere.hu\/web\/wp-json\/wp\/v2\/posts\/711\/revisions\/818"}],"wp:featuredmedia":[{"embeddable":true,"href":"http:\/\/mezoszemere.hu\/web\/wp-json\/wp\/v2\/media\/712"}],"wp:attachment":[{"href":"http:\/\/mezoszemere.hu\/web\/wp-json\/wp\/v2\/media?parent=711"}],"wp:term":[{"taxonomy":"category","embeddable":true,"href":"http:\/\/mezoszemere.hu\/web\/wp-json\/wp\/v2\/categories?post=711"},{"taxonomy":"post_tag","embeddable":true,"href":"http:\/\/mezoszemere.hu\/web\/wp-json\/wp\/v2\/tags?post=711"}],"curies":[{"name":"wp","href":"https:\/\/api.w.org\/{rel}","templated":true}]}}